{"id":1520,"date":"2026-04-02T20:30:18","date_gmt":"2026-04-02T20:30:18","guid":{"rendered":"https:\/\/mdmatherapie.nl\/slaapritme-meten-om-terugval-bij-depressie-te-voorspellen-in-therapie\/"},"modified":"2026-04-02T20:30:18","modified_gmt":"2026-04-02T20:30:18","slug":"mesurer-les-schemas-de-sommeil-pour-predire-les-rechutes-depressives-pendant-la-therapie","status":"publish","type":"post","link":"https:\/\/mdmatherapie.nl\/fr\/slaapritme-meten-om-terugval-bij-depressie-te-voorspellen-in-therapie\/","title":{"rendered":"Mesurer les cycles de sommeil pour pr\u00e9dire les rechutes d\u00e9pressives pendant la th\u00e9rapie"},"content":{"rendered":"<h2 style=\"text-align:center\">Le rythme du sommeil comme signal pr\u00e9coce en th\u00e9rapie<\/h2>\n<p>De nombreuses personnes en r\u00e9mission d&#039;une d\u00e9pression le constatent\u00a0: la situation s&#039;am\u00e9liore temporairement, mais les anciennes habitudes r\u00e9apparaissent peu \u00e0 peu. Moins de structure dans le quotidien, coucher plus tard, nuits agit\u00e9es, manque d&#039;\u00e9nergie durant la journ\u00e9e. La th\u00e9rapie se concentre souvent sur les pens\u00e9es, les \u00e9motions et les comportements, mais le rythme circadien est parfois n\u00e9glig\u00e9. Pourtant, l&#039;int\u00e9r\u00eat scientifique pour le sommeil et les rythmes biologiques en tant que signaux d&#039;alerte pr\u00e9coces et mesurables de rechute est croissant.<\/p>\n<p>Cet article aborde la question suivante\u00a0: les cycles de sommeil peuvent-ils \u00eatre mesur\u00e9s pour pr\u00e9dire les rechutes d\u00e9pressives\u00a0? Quelles sont les implications pratiques pour la th\u00e9rapie et le suivi psychologique\u00a0? Nous \u00e9voquons \u00e9galement bri\u00e8vement une hypoth\u00e8se de recherche actuelle\u00a0: la th\u00e9rapie psych\u00e9d\u00e9lique, comme la psilocybine associ\u00e9e \u00e0 un accompagnement psychologique, serait-elle plus efficace si le sommeil et le mode de vie \u00e9taient explicitement pris en compte\u00a0? Il ne s\u2019agit pas d\u2019un avis m\u00e9dical ni d\u2019une garantie d\u2019efficacit\u00e9, mais d\u2019un aper\u00e7u des donn\u00e9es probantes et non encore \u00e9tablies.<\/p>\n<h2 style=\"text-align:center\">Qu&#039;est-ce que l&#039;actigraphie et que mesure-t-elle exactement\u00a0?<\/h2>\n<p>L&#039;actigraphie est une m\u00e9thode qui consiste \u00e0 porter un petit appareil, souvent une montre, qui enregistre les mouvements. Gr\u00e2ce \u00e0 des algorithmes intelligents, ces donn\u00e9es permettent d&#039;estimer les p\u00e9riodes de sommeil, la fr\u00e9quence des r\u00e9veils, la r\u00e9gularit\u00e9 des heures de coucher et la stabilit\u00e9 du rythme circadien. Il ne s&#039;agit pas d&#039;un \u00e9lectroenc\u00e9phalogramme (EEG) et donc pas d&#039;une mesure compl\u00e8te du sommeil comme en laboratoire, mais l&#039;actigraphie offre un aper\u00e7u relativement objectif et \u00e0 long terme des sch\u00e9mas de sommeil, s&#039;\u00e9tendant souvent sur plusieurs semaines ou mois.<\/p>\n<p>C\u2019est pr\u00e9cis\u00e9ment cette nature durable qui est int\u00e9ressante en th\u00e9rapie. Par exemple, un patient peut se sentir relativement bien, alors que son rythme est perturb\u00e9 depuis des semaines. Inversement, une personne peut souffrir de d\u00e9pression passag\u00e8re, tandis que son sommeil et son rythme restent stables. Les donn\u00e9es objectives permettent alors de rendre les s\u00e9ances de th\u00e9rapie plus concr\u00e8tes, sans pour autant masquer le v\u00e9cu du patient.<\/p>\n<h2 style=\"text-align:center\">Qu\u2019a montr\u00e9 l\u2019\u00e9tude de cohorte canadienne\u00a0?<\/h2>\n<p>Une vaste \u00e9tude de cohorte observationnelle men\u00e9e au Canada a suivi 93 adultes ayant des ant\u00e9c\u00e9dents de d\u00e9pression et dont l&#039;\u00e9tat \u00e9tait relativement stable au d\u00e9part. Les participants ont fourni collectivement environ 32\u00a0000 journ\u00e9es d&#039;actigraphie compl\u00e8tes, avec un suivi m\u00e9dian de 46 semaines. Les chercheurs ont examin\u00e9 si des modifications du sommeil et des rythmes circadiens pouvaient \u00eatre associ\u00e9es \u00e0 des rechutes ult\u00e9rieures.<\/p>\n<p>La rechute \u00e9tait d\u00e9finie de mani\u00e8re stricte, notamment par une augmentation du score sur une \u00e9chelle de d\u00e9pression pendant plusieurs semaines, ou par d&#039;autres signes cliniques tels qu&#039;une hospitalisation ou une intensification du traitement. Les donn\u00e9es actigraphiques ont \u00e9t\u00e9 recueillies en continu et synth\u00e9tis\u00e9es toutes les deux semaines. Ceci est pertinent car cela concerne les tendances et la stabilit\u00e9 dans le temps, et non une seule mauvaise nuit.<\/p>\n<p>Principale conclusion\u00a0: un sommeil et des rythmes moins stables sont associ\u00e9s \u00e0 un risque de rechute significativement plus \u00e9lev\u00e9. Parmi les facteurs associ\u00e9s \u00e0 ce risque accru, on note une moindre r\u00e9gularit\u00e9 du sommeil, une efficacit\u00e9 du sommeil r\u00e9duite, des r\u00e9veils plus fr\u00e9quents apr\u00e8s l\u2019endormissement et une activit\u00e9 nocturne plus importante. Un param\u00e8tre se distingue particuli\u00e8rement\u00a0: une \u201c\u00a0amplitude relative\u00a0\u201d plus faible, correspondant approximativement \u00e0 la diff\u00e9rence entre l\u2019activit\u00e9 diurne et le repos nocturne. Autrement dit, plus le contraste entre le jour et la nuit est faible, plus le risque de rechute est \u00e9lev\u00e9 dans ce groupe.<\/p>\n<p>Il est important de nuancer ce point\u00a0: ce type de recherche met en \u00e9vidence des corr\u00e9lations. Il ne prouve pas que le manque de sommeil soit la cause des rechutes. L\u2019inverse est \u00e9galement possible, ou il peut exister un facteur sous-jacent commun, comme le stress, l\u2019anxi\u00e9t\u00e9, un changement de m\u00e9dication, la consommation de substances ou des troubles physiques. N\u00e9anmoins, l\u2019implication clinique est int\u00e9ressante\u00a0: le sommeil et son rythme peuvent servir de \u201c\u00a0biomarqueurs\u00a0\u201d ou de signaux d\u2019alerte \u00e0 surveiller en th\u00e9rapie.<\/p>\n<p>Pour plus d&#039;informations sur cette \u00e9tude, veuillez consulter la source\u00a0: <a href=\"https:\/\/tripforum.nl\/wetenschap\/actigrafiestudie-van-slaap-en-rust-activiteitsritmes-als-markers-voor-terugval-bij-depressie\/\" target=\"_blank\" rel=\"noopener\">\u00c9tude actigraphique des rythmes sommeil-repos-activit\u00e9 comme marqueurs de rechute d\u00e9pressive<\/a>.<\/p>\n<h2 style=\"text-align:center\">Que peut-on faire avec cela en th\u00e9rapie sans m\u00e9dicaliser le probl\u00e8me ?<\/h2>\n<p>En th\u00e9rapie, le suivi du sommeil peut s&#039;av\u00e9rer utile pr\u00e9cis\u00e9ment parce qu&#039;il permet souvent de faire le lien entre la parole et la pratique. L&#039;objectif n&#039;est pas de r\u00e9duire une personne \u00e0 des graphiques, mais de reconna\u00eetre ensemble des sch\u00e9mas et de mieux adapter les interventions. Voici quelques exemples d&#039;application pratique\u00a0:<\/p>\n<p><strong>1) D\u00e9tection pr\u00e9coce.<\/strong> Si les donn\u00e9es montrent que l&#039;heure du coucher se retarde ou que l&#039;agitation nocturne augmente, cela peut \u00eatre une raison de discuter des facteurs de stress, de renforcer les m\u00e9canismes d&#039;adaptation ou de r\u00e9tablir une structure, avant que les sympt\u00f4mes ne s&#039;aggravent.<\/p>\n<p><strong>2) Concr\u00e9tiser les objectifs.<\/strong> \u201c\u00a0Plus de repos\u00a0\u201d reste vague, tandis que \u201c\u00a0une heure de r\u00e9veil fixe\u00a0\u201d et \u201c\u00a0une plus grande diff\u00e9rence entre l\u2019activit\u00e9 diurne et le repos nocturne\u00a0\u201d deviennent mesurables et sujettes \u00e0 discussion. Ceci correspond \u00e0 de nombreuses formes de th\u00e9rapie, de la TCC \u00e0 la th\u00e9rapie d\u2019acceptation et d\u2019engagement (ACT) en passant par la th\u00e9rapie des sch\u00e9mas, car cela rend le comportement et son contexte visibles.<\/p>\n<p><strong>3) Normaliser et soulager.<\/strong> Certaines personnes ont honte de la r\u00e9currence de leurs sympt\u00f4mes. Les donn\u00e9es peuvent aider \u00e0 montrer que cela se produit souvent par petites \u00e9tapes et que le risque de rechute se manifeste parfois d&#039;abord par le rythme et la r\u00e9cup\u00e9ration, et non par la \u2018\u00a0volont\u00e9\u00a0\u2019.<\/p>\n<p>Attention toutefois\u00a0: mesurer son sommeil peut \u00eatre source de stress. Chez les personnes perfectionnistes, souffrant d\u2019hypocondrie ou d\u2019anxi\u00e9t\u00e9 de performance li\u00e9e au sommeil, le suivi des donn\u00e9es peut m\u00eame aggraver l\u2019anxi\u00e9t\u00e9. En th\u00e9rapie, il est donc important de d\u00e9finir ensemble les modalit\u00e9s de mesure, la fr\u00e9quence des contr\u00f4les et les conclusions \u00e0 tirer.<\/p>\n<h2 style=\"text-align:center\">Am\u00e9liorer le sommeil : qu&#039;est-ce qui est raisonnablement prouv\u00e9 ?<\/h2>\n<p>Outre l&#039;actigraphie, de nombreuses \u00e9tudes indiquent que le traitement de l&#039;insomnie chez les personnes pr\u00e9sentant des sympt\u00f4mes d\u00e9pressifs peut, en moyenne, avoir des effets b\u00e9n\u00e9fiques sur l&#039;humeur. Dans les recommandations, la th\u00e9rapie cognitivo-comportementale de l&#039;insomnie (TCC-I) est souvent pr\u00e9conis\u00e9e en premi\u00e8re intention pour l&#039;insomnie chronique. Cela ne signifie pas que la TCC-I est efficace pour tous ni qu&#039;elle \u201c\u00a0gu\u00e9rit\u00a0\u201d la d\u00e9pression, mais cela montre que le sommeil est un \u00e9l\u00e9ment essentiel des traitements standards.<\/p>\n<p>En pratique, cela implique souvent de veiller \u00e0 la r\u00e9gularit\u00e9 du sommeil, de contr\u00f4ler les stimuli, de favoriser un sommeil r\u00e9parateur, de g\u00e9rer l&#039;anxi\u00e9t\u00e9 et de maintenir une structure quotidienne. Des facteurs tels que la lumi\u00e8re du matin, une activit\u00e9 physique suffisante pendant la journ\u00e9e et la limitation de la consommation d&#039;alcool ou d&#039;autres substances perturbatrices peuvent \u00e9galement faire partie des recommandations.<\/p>\n<h2 style=\"text-align:center\">Et la psilocybine ou la MDMA en th\u00e9rapie\u00a0: quelle place occupe le sommeil dans tout cela\u00a0?<\/h2>\n<p>L&#039;int\u00e9r\u00eat pour les psych\u00e9d\u00e9liques en th\u00e9rapie est croissant, notamment dans la recherche scientifique. Concernant la psilocybine, des \u00e9tudes montrent une r\u00e9duction rapide des sympt\u00f4mes d\u00e9pressifs chez certains groupes, tandis que d&#039;autres essais font \u00e9tat de r\u00e9sultats mitig\u00e9s. Ceci souligne l&#039;importance probable du contexte, de la pr\u00e9paration et de l&#039;int\u00e9gration. Une tendance int\u00e9ressante ressort des analyses r\u00e9centes\u00a0: les personnes pr\u00e9sentant des troubles du sommeil plus s\u00e9v\u00e8res au d\u00e9part pourraient avoir moins de chances d&#039;obtenir un r\u00e9sultat favorable, et les troubles du sommeil r\u00e9siduels pourraient \u00eatre associ\u00e9s ult\u00e9rieurement \u00e0 des sympt\u00f4mes d\u00e9pressifs r\u00e9currents. Bien que cela ne constitue pas encore une preuve d\u00e9finitive, cette observation rend l&#039;hypoth\u00e8se logique\u00a0: si le sommeil et le rythme circadien sont des \u201c\u00a0pr\u00e9requis\u00a0\u201d importants, un accompagnement cibl\u00e9 sur le sommeil pourrait s&#039;av\u00e9rer pr\u00e9cieux.<\/p>\n<p>Par cons\u00e9quent, la question de savoir si la psilocybine associ\u00e9e \u00e0 un accompagnement personnalis\u00e9 est plus efficace reste plausible, mais non prouv\u00e9e. \u00c0 notre connaissance, aucune \u00e9tude randomis\u00e9e ne compare directement cette combinaison \u00e0 la psilocybine seule, sans accompagnement ax\u00e9 sur le sommeil. Il s&#039;agit donc d&#039;un raisonnement qui s&#039;appuie sur plusieurs pistes de recherche, et non d&#039;une r\u00e9ponse d\u00e9finitive.<\/p>\n<p>De plus, la situation est diff\u00e9rente avec la MDMA\u00a0: les s\u00e9ances de MDMA ne peuvent actuellement \u00eatre abord\u00e9es que dans le cadre de la recherche scientifique ou de la pratique clinique, dans une perspective de r\u00e9duction des risques. Dans les deux cas, il est conseill\u00e9 de prendre le sommeil et la r\u00e9cup\u00e9ration au s\u00e9rieux, car une exp\u00e9rience intense, le traitement \u00e9motionnel et les effets secondaires potentiels peuvent n\u00e9cessiter une attention particuli\u00e8re au rythme de sommeil, au repos et \u00e0 l\u2019int\u00e9gration. Ceci n\u2019est pas un avis m\u00e9dical, mais une consid\u00e9ration g\u00e9n\u00e9rale en mati\u00e8re de r\u00e9duction des risques.<\/p>\n<h2 style=\"text-align:center\">R\u00e9duction pratique des risques li\u00e9s au sommeil et au rythme<\/h2>\n<p>Que vous suiviez une th\u00e9rapie r\u00e9guli\u00e8re pour vous r\u00e9tablir ou que vous vous int\u00e9ressiez \u00e0 la recherche sur les psych\u00e9d\u00e9liques, le sommeil demeure souvent fondamental. Parmi les points pratiques abord\u00e9s r\u00e9guli\u00e8rement en th\u00e9rapie, on retrouve\u00a0: la r\u00e9gularit\u00e9 des heures de r\u00e9veil, une exposition suffisante \u00e0 la lumi\u00e8re du jour le matin, une planification r\u00e9aliste apr\u00e8s les s\u00e9ances intensives et la vigilance face aux substances perturbant le sommeil, comme l\u2019alcool ou les stimulants. Ce qui convient varie d\u2019une personne \u00e0 l\u2019autre et, en cas d\u2019insomnie s\u00e9v\u00e8re ou de tendances suicidaires, une aide professionnelle est n\u00e9cessaire.<\/p>\n<h2 style=\"text-align:center\">Conclusion<\/h2>\n<p>Les recherches en actigraphie montrent que la perturbation du sommeil et du rythme circadien pourrait \u00eatre associ\u00e9e \u00e0 un risque accru de rechute d\u00e9pressive. Bien que cela ne constitue pas une preuve de causalit\u00e9, cette observation offre une perspective utile pour la th\u00e9rapie\u00a0: la r\u00e9gularit\u00e9 du rythme et du sommeil peut fournir des signaux pr\u00e9coces et permettre une prise en charge plus concr\u00e8te. L\u2019hypoth\u00e8se selon laquelle la psilocybine ou d\u2019autres th\u00e9rapies intensives seraient plus efficaces lorsque le sommeil et le mode de vie sont activement soutenus est logique et pertinente, mais reste \u00e0 d\u00e9montrer de fa\u00e7on d\u00e9finitive.<\/p>\n<p>Toute personne int\u00e9ress\u00e9e par des s\u00e9ances guid\u00e9es et pour qui la r\u00e9duction des risques et l&#039;int\u00e9gration sont importantes peut consulter le contenu ou discuter d&#039;un programme. Vous pouvez vous inscrire via <a href=\"https:\/\/mdmatherapie.nl\/fr\/sinscrire-a-une-seance-de-mdma\/\" target=\"_blank\" rel=\"noopener\">https:\/\/mdmatherapie.nl\/aanmelden-mdma-sessie\/<\/a>, o\u00f9 il est important de maintenir des attentes r\u00e9alistes et de toujours prendre en compte avec soin la s\u00e9curit\u00e9 et le contexte.<\/p>","protected":false},"excerpt":{"rendered":"<p>Le rythme du sommeil comme signal pr\u00e9coce en th\u00e9rapie  De nombreuses personnes en r\u00e9mission d&#039;une d\u00e9pression le constatent\u00a0: l&#039;\u00e9tat s&#039;am\u00e9liore temporairement, mais les anciennes habitudes r\u00e9apparaissent peu \u00e0 peu. Moins de structure, coucher plus tardif, agitation\u2026<\/p>","protected":false},"author":3,"featured_media":1475,"comment_status":"","ping_status":"","sticky":false,"template":"","format":"standard","meta":{"footnotes":""},"categories":[1],"tags":[116,97],"class_list":["post-1520","post","type-post","status-publish","format-standard","has-post-thumbnail","hentry","category-uncategorized","tag-relatietherapie","tag-therapie"],"_links":{"self":[{"href":"https:\/\/mdmatherapie.nl\/fr\/wp-json\/wp\/v2\/posts\/1520","targetHints":{"allow":["GET"]}}],"collection":[{"href":"https:\/\/mdmatherapie.nl\/fr\/wp-json\/wp\/v2\/posts"}],"about":[{"href":"https:\/\/mdmatherapie.nl\/fr\/wp-json\/wp\/v2\/types\/post"}],"author":[{"embeddable":true,"href":"https:\/\/mdmatherapie.nl\/fr\/wp-json\/wp\/v2\/users\/3"}],"replies":[{"embeddable":true,"href":"https:\/\/mdmatherapie.nl\/fr\/wp-json\/wp\/v2\/comments?post=1520"}],"version-history":[{"count":0,"href":"https:\/\/mdmatherapie.nl\/fr\/wp-json\/wp\/v2\/posts\/1520\/revisions"}],"wp:featuredmedia":[{"embeddable":true,"href":"https:\/\/mdmatherapie.nl\/fr\/wp-json\/wp\/v2\/media\/1475"}],"wp:attachment":[{"href":"https:\/\/mdmatherapie.nl\/fr\/wp-json\/wp\/v2\/media?parent=1520"}],"wp:term":[{"taxonomy":"category","embeddable":true,"href":"https:\/\/mdmatherapie.nl\/fr\/wp-json\/wp\/v2\/categories?post=1520"},{"taxonomy":"post_tag","embeddable":true,"href":"https:\/\/mdmatherapie.nl\/fr\/wp-json\/wp\/v2\/tags?post=1520"}],"curies":[{"name":"wp","href":"https:\/\/api.w.org\/{rel}","templated":true}]}}